{"id":151,"date":"2021-03-25T14:10:51","date_gmt":"2021-03-25T14:10:51","guid":{"rendered":"https:\/\/glutenfrei.reginabruetsch.de\/?p=151"},"modified":"2021-03-25T17:14:09","modified_gmt":"2021-03-25T17:14:09","slug":"vegane-milchalternative","status":"publish","type":"post","link":"https:\/\/glutenfrei.reginabruetsch.de\/index.php\/2021\/03\/25\/vegane-milchalternative\/","title":{"rendered":"Vegane Milchalternative"},"content":{"rendered":"\t\t<div data-elementor-type=\"wp-post\" data-elementor-id=\"151\" class=\"elementor elementor-151\" data-elementor-post-type=\"post\">\n\t\t\t\t\t\t<section class=\"elementor-section elementor-top-section elementor-element elementor-element-2ff9cca2 elementor-section-boxed elementor-section-height-default elementor-section-height-default\" data-id=\"2ff9cca2\" data-element_type=\"section\" data-e-type=\"section\">\n\t\t\t\t\t\t<div class=\"elementor-container elementor-column-gap-default\">\n\t\t\t\t\t<div class=\"elementor-column elementor-col-100 elementor-top-column elementor-element elementor-element-184c92e7\" data-id=\"184c92e7\" data-element_type=\"column\" data-e-type=\"column\">\n\t\t\t<div class=\"elementor-widget-wrap elementor-element-populated\">\n\t\t\t\t\t\t<div class=\"elementor-element elementor-element-305952c8 elementor-invisible elementor-widget elementor-widget-text-editor\" data-id=\"305952c8\" data-element_type=\"widget\" data-e-type=\"widget\" data-settings=\"{&quot;_animation&quot;:&quot;fadeInLeft&quot;}\" data-widget_type=\"text-editor.default\">\n\t\t\t\t<div class=\"elementor-widget-container\">\n\t\t\t\t\t\t\t\t\t\n<p>Vegane Milchalternative<\/p>\n\n\n\n<p>Zeitaufwand:<br>mindestens (=min) 6 Minuten: Vorbereitung min 1 Minute + Zubereitung: 5 Minuten<\/p>\n\n\n\n<p>Tools:<br>Mixer\/ Mixstab<\/p>\n\n\n\n<p>Glasflasche zur Aufbewahrung (min 500 ml Fassungsverm\u00f6gen)&nbsp;<\/p>\n\n\n\n<p>Bei Bedarf ein Teesieb<\/p>\n\n\n\n<p>Rezept f\u00fcr 500 ml Pflanzenmilch<\/p>\n\n\n\n<p>Zutaten:<br>50 Gramm N\u00fcsse oder Saaten einer Sorte&nbsp;(Basis)(Variabel: Sesamsaaten, Mandeln, Haseln\u00fcsse, Paran\u00fcsse, etc.)<\/p>\n\n\n\n<p>~ 500 ml&nbsp; Wasser (Basis)<\/p>\n\n\n\n<p>Gew\u00fcrze (Variabel: und \/ oder Kardamon, Ingwer, Kurkuma, Nelke, Fenchel, etc.)<br>S\u00fcssungsmittel (Variabel: Kokosbl\u00fctenzucker)&nbsp;<\/p>\n\n\n\n<p>Zubereitung:<br>\u2022 Alle Zutaten in einen Mixbecher geben und f\u00fcr 5 Minuten auf h\u00f6chster Stufe vermixen<\/p>\n\n\n\n<p>\u2022 in eine sterile Glasflasche abf\u00fcllen&nbsp;<br>\u2022 Bis zu 3 Tagen haltbar<\/p>\n\n\n\n<p>Gek\u00fchlt aufbewahren!<br>&nbsp;<\/p>\n\n\n\n<p>Bemerkung: Wer keine Schwebstoffe mag, kann diese mittels Verwendung eines Teesiebes entfernen. Da diese Milchalternative keinerlei unn\u00f6tigen Zusatzstoffe verwendet, wie z.B. Emulgatoren (welche die Fettphase mit der Wasserphase verbinden, werden sich bereits nach kurzer Zeit die festen Stoffe absetzen. Durch kurzes Aufr\u00fchren kann wieder eine kurzzeitige Vermischung erreicht werden.&nbsp;<\/p>\n\t\t\t\t\t\t\t\t<\/div>\n\t\t\t\t<\/div>\n\t\t\t\t\t<\/div>\n\t\t<\/div>\n\t\t\t\t\t<\/div>\n\t\t<\/section>\n\t\t\t\t<\/div>\n\t\t","protected":false},"excerpt":{"rendered":"<p>Vegane Milchalternative Zeitaufwand:mindestens (=min) 6 Minuten: Vorbereitung min 1 Minute + Zubereitung: 5 Minuten Tools:Mixer\/ Mixstab Glasflasche zur Aufbewahrung (min 500 ml Fassungsverm\u00f6gen)&nbsp; Bei Bedarf ein Teesieb Rezept f\u00fcr 500 ml Pflanzenmilch Zutaten:50 Gramm N\u00fcsse oder Saaten einer Sorte&nbsp;(Basis)(Variabel: Sesamsaaten, Mandeln, Haseln\u00fcsse, Paran\u00fcsse, etc.) ~ 500 ml&nbsp; Wasser (Basis) Gew\u00fcrze (Variabel: und \/ oder Kardamon, [&hellip;]<\/p>\n","protected":false},"author":1,"featured_media":0,"comment_status":"open","ping_status":"closed","sticky":false,"template":"","format":"standard","meta":{"footnotes":""},"categories":[6],"tags":[10,8,9],"class_list":["post-151","post","type-post","status-publish","format-standard","hentry","category-basics","tag-nussmilch","tag-pflanzenmilch","tag-vegane-milchalternative"],"_links":{"self":[{"href":"https:\/\/glutenfrei.reginabruetsch.de\/index.php\/wp-json\/wp\/v2\/posts\/151","targetHints":{"allow":["GET"]}}],"collection":[{"href":"https:\/\/glutenfrei.reginabruetsch.de\/index.php\/wp-json\/wp\/v2\/posts"}],"about":[{"href":"https:\/\/glutenfrei.reginabruetsch.de\/index.php\/wp-json\/wp\/v2\/types\/post"}],"author":[{"embeddable":true,"href":"https:\/\/glutenfrei.reginabruetsch.de\/index.php\/wp-json\/wp\/v2\/users\/1"}],"replies":[{"embeddable":true,"href":"https:\/\/glutenfrei.reginabruetsch.de\/index.php\/wp-json\/wp\/v2\/comments?post=151"}],"version-history":[{"count":5,"href":"https:\/\/glutenfrei.reginabruetsch.de\/index.php\/wp-json\/wp\/v2\/posts\/151\/revisions"}],"predecessor-version":[{"id":194,"href":"https:\/\/glutenfrei.reginabruetsch.de\/index.php\/wp-json\/wp\/v2\/posts\/151\/revisions\/194"}],"wp:attachment":[{"href":"https:\/\/glutenfrei.reginabruetsch.de\/index.php\/wp-json\/wp\/v2\/media?parent=151"}],"wp:term":[{"taxonomy":"category","embeddable":true,"href":"https:\/\/glutenfrei.reginabruetsch.de\/index.php\/wp-json\/wp\/v2\/categories?post=151"},{"taxonomy":"post_tag","embeddable":true,"href":"https:\/\/glutenfrei.reginabruetsch.de\/index.php\/wp-json\/wp\/v2\/tags?post=151"}],"curies":[{"name":"wp","href":"https:\/\/api.w.org\/{rel}","templated":true}]}}